{"id":378,"date":"2020-07-13T14:58:00","date_gmt":"2020-07-13T14:58:00","guid":{"rendered":"https:\/\/footballvoyage.com\/?p=378"},"modified":"2020-08-25T15:00:18","modified_gmt":"2020-08-25T15:00:18","slug":"real-madrid-plans-vallejo-sale","status":"publish","type":"post","link":"https:\/\/footballvoyage.com\/?p=378","title":{"rendered":"Real Madrid plans Vallejo sale"},"content":{"rendered":"\n<p>Real Madrid are ready to offload defender Jes\u00fas Vallejo, but are keen to retain the option to take the 23-year-old back to the Bernab\u00e9u in the future.<\/p>\n\n\n\n<p>Real Madrid plan to sell Jes\u00fas Vallejo this summer. The 23-year-old central defender remains highly-rated within the club, but Los Blancos feel a permanent move, rather than another loan, is in his best interests in the immediate term.<\/p>\n\n\n\n<p> Since signing from Real Zaragoza in 2015, Vallejo has spent a season back at Zaragoza, a year at Eintracht Frankfurt, two campaigns as a bit-part player at Madrid, half a season at Wolves, and the last six months at Granada. Real Madrid would sell 50% of Vallejo&#8217;s rights In a deal structured much like youth product Javi S\u00e1nchez&#8217;s recent transfer to Real Valladolid, Madrid\u2019s plan is to sell 50% of Vallejo&#8217;s rights and retain the remaining half, in the process banking around 7.5m euros for a player they value at 15m. <\/p>\n\n\n\n<p>Granada pushing hardest for Vallejo signature Several Spanish sides have already made contact with the LaLiga leaders to express their interest in Vallejo, and the defender also has an excellent reputation in Germany in the wake of his successful spell at Frankfurt in 2016\/17. <\/p>\n\n\n\n<p>Among the teams pushing hardest for Vallejo\u2019s signature are current club Granada, who would like to make his loan permanent or extend his temporary deal by another season (an option Madrid aren\u2019t ruling out completely). However, his high salary represents a major stumbling block towards staying on in Andalusia.<\/p>\n\n\n\n<p>Although their plan is to offload Vallejo, Madrid are eager to ensure they strike a deal that gives them the option to take Vallejo back to the Spanish capital in the future, as club chiefs still believe he has the potential to establish himself at the Bernab\u00e9u. The 13-time European champions&#8217; confidence in the youngster was evidenced by their decision to hand him a new, six-year contract before he began what proved an unproductive loan stint at Wolves in summer 2019.<\/p>\n\n\n\n<p>Indeed, he does still have an outside chance of being a part of Zinedine Zidane\u2019s squad next term. Were Nacho to ask to leave and an attractive offer to come in for the 30-year-old, Vallejo would be first choice to take his place in the first-team group. Having shelled out 50m euros for \u00c9der Militao 12 months ago, Los Merengues would be unwilling to dig deep for another defender.<\/p>\n","protected":false},"excerpt":{"rendered":"<p>Real Madrid are ready to offload defender Jes\u00fas Vallejo, but are keen to retain the option to take the 23-year-old back to the Bernab\u00e9u in the future. Real Madrid plan to sell Jes\u00fas Vallejo this summer. The 23-year-old central defender remains highly-rated within the club, but Los Blancos feel a permanent move, rather than another [&hellip;]<\/p>\n","protected":false},"author":1,"featured_media":379,"comment_status":"open","ping_status":"open","sticky":false,"template":"","format":"standard","meta":{"footnotes":""},"categories":[14],"tags":[],"class_list":{"0":"post-378","1":"post","2":"type-post","3":"status-publish","4":"format-standard","5":"has-post-thumbnail","7":"category-champions-league"},"_links":{"self":[{"href":"https:\/\/footballvoyage.com\/index.php?rest_route=\/wp\/v2\/posts\/378","targetHints":{"allow":["GET"]}}],"collection":[{"href":"https:\/\/footballvoyage.com\/index.php?rest_route=\/wp\/v2\/posts"}],"about":[{"href":"https:\/\/footballvoyage.com\/index.php?rest_route=\/wp\/v2\/types\/post"}],"author":[{"embeddable":true,"href":"https:\/\/footballvoyage.com\/index.php?rest_route=\/wp\/v2\/users\/1"}],"replies":[{"embeddable":true,"href":"https:\/\/footballvoyage.com\/index.php?rest_route=%2Fwp%2Fv2%2Fcomments&post=378"}],"version-history":[{"count":0,"href":"https:\/\/footballvoyage.com\/index.php?rest_route=\/wp\/v2\/posts\/378\/revisions"}],"wp:featuredmedia":[{"embeddable":true,"href":"https:\/\/footballvoyage.com\/index.php?rest_route=\/wp\/v2\/media\/379"}],"wp:attachment":[{"href":"https:\/\/footballvoyage.com\/index.php?rest_route=%2Fwp%2Fv2%2Fmedia&parent=378"}],"wp:term":[{"taxonomy":"category","embeddable":true,"href":"https:\/\/footballvoyage.com\/index.php?rest_route=%2Fwp%2Fv2%2Fcategories&post=378"},{"taxonomy":"post_tag","embeddable":true,"href":"https:\/\/footballvoyage.com\/index.php?rest_route=%2Fwp%2Fv2%2Ftags&post=378"}],"curies":[{"name":"wp","href":"https:\/\/api.w.org\/{rel}","templated":true}]}}